{"id":102137,"date":"2026-04-27T19:52:28","date_gmt":"2026-04-27T19:52:28","guid":{"rendered":"https:\/\/christiancorner.us\/index.php\/2026\/04\/27\/youth-turn-out-for-pro-life-march-in-mexico-city\/"},"modified":"2026-04-27T19:53:46","modified_gmt":"2026-04-27T19:53:46","slug":"youth-turn-out-for-pro-life-march-in-mexico-city","status":"publish","type":"post","link":"https:\/\/christiancorner.us\/index.php\/2026\/04\/27\/youth-turn-out-for-pro-life-march-in-mexico-city\/","title":{"rendered":"Youth turn out for pro-life march in Mexico City"},"content":{"rendered":"<p>\n<\/p>\n<div>\n<p class=\"text-(18px) md:text-(20px) first-of-type:mt-5 mt-(16px) lg:mt-(28px) leading-(28px) md:leading-8 normal \">&#8220;Yes to life, no to abortion!&#8221;, &#8220;Life is a victory!&#8221;, and &#8220;We are the pro-life generation!&#8221; Young people took to the streets of downtown Mexico City last weekend to March for Life.<\/p>\n<p class=\"text-(18px) md:text-(20px) first-of-type:mt-5 mt-(16px) lg:mt-(28px) leading-(28px) md:leading-8 normal \">The incident occurred the day after the anniversary of the law passed on April 24, 2007, when the capital city government legalized abortion on demand up to 12 weeks of pregnancy.<\/p>\n<p class=\"text-(18px) md:text-(20px) first-of-type:mt-5 mt-(16px) lg:mt-(28px) leading-(28px) md:leading-8 normal \">According to the Mexico City Secretariat of Public Health, approximately 300,000 abortions were performed in the country&#8217;s capital between 2007 and 2025.<\/p>\n<p class=\"text-(18px) md:text-(20px) first-of-type:mt-5 mt-(16px) lg:mt-(28px) leading-(28px) md:leading-8 normal \">The 2007 decision paved the way for similar laws in other states, such that 24 of the 31 states across the country have currently relaxed restrictions on abortion.<\/p>\n<div class=\"mt-7 pb-1\">\n<p class=\"text-(14px) text-gray-400 border-b border-gray-300 py-3\">Participants sign at the March for Life in Mexico on April 25, 2026 Credit: Primate Archdiocese of Mexico<\/p>\n<\/div>\n<p class=\"text-(18px) md:text-(20px) first-of-type:mt-5 mt-(16px) lg:mt-(28px) leading-(28px) md:leading-8 normal \">To demonstrate against these regulations, groups of friends, families, youth mobilized by parishes, and other participants began gathering early at the Monument to the Revolution. From there, the group headed to the Mexico City Legislature in a march that drew a crowd of more than 2,000 people, according to organizers.<\/p>\n<p class=\"text-(18px) md:text-(20px) first-of-type:mt-5 mt-(16px) lg:mt-(28px) leading-(28px) md:leading-8 normal \">The youth continued marching with drums, chanting and slogans all along the route. Many wore blue handkerchiefs and T-shirts with pro-life messages and carried signs protecting motherhood and the unborn child.<\/p>\n<div class=\"mt-7 pb-1\"><img loading=\"lazy\" alt=\"cloudy property\" format=\"auto\" loading=\"lazy\" width=\"600\" height=\"375\" decoding=\"async\" data-nimg=\"1\" class=\"max-w-full h-auto rounded-sm\" style=\"color:transparent;width:100%;height:auto\" srcset=\"https:\/\/res.cloudinary.com\/ewtn\/image\/upload\/c_fill,w_640,h_400,g_auto\/f_auto\/q_80\/v1\/ewtn-news\/en\/provida26426-1-1777212968_k1qpj8.webp?_a=BAVMn6E70 1x, https:\/\/res.cloudinary.com\/ewtn\/image\/upload\/c_fill,w_1200,h_750,g_auto\/f_auto\/q_80\/v1\/ewtn-news\/en\/provida26426-1-1777212968_k1qpj8.webp?_a=BAVMn6E70 2x\" src=\"https:\/\/res.cloudinary.com\/ewtn\/image\/upload\/c_fill,w_1200,h_750,g_auto\/f_auto\/q_80\/v1\/ewtn-news\/en\/provida26426-1-1777212968_k1qpj8.webp?_a=BAVMn6E70\"\/><\/p>\n<p class=\"text-(14px) text-gray-400 border-b border-gray-300 py-3\">A woman speaks at the March for Life in Mexico on April 25, 2026 Credit: Pasos por la Vida<\/p>\n<\/div>\n<p class=\"text-(18px) md:text-(20px) first-of-type:mt-5 mt-(16px) lg:mt-(28px) leading-(28px) md:leading-8 normal \">Among the attendees was 22-year-old Macarena Munoz, who told ACI Prensa, EWTN News&#8217; Spanish-language sister service, that she came to demonstrate that &#8220;there are still young pro-life people in Mexico and in all the states who want to see these laws changed, and who do not want abortion to be decriminalized.&#8221;<\/p>\n<p class=\"text-(18px) md:text-(20px) first-of-type:mt-5 mt-(16px) lg:mt-(28px) leading-(28px) md:leading-8 normal \">She said it is important to show society that there are young people who understand that &#8220;to protect any other rights, such as women&#8217;s rights, one must first protect the intrinsic value: the value of life.&#8221;<\/p>\n<h2 class=\"text-2xl xl:text-3xl font-semibold mt-4\">Other states begin allowing abortion<\/h2>\n<p class=\"text-(18px) md:text-(20px) first-of-type:mt-5 mt-(16px) lg:mt-(28px) leading-(28px) md:leading-8 normal \">Although the first decriminalization of abortion in Mexico occurred in the capital in 2007, the most significant gains for laws allowing abortion occurred during the six-year term of former President Andr\u00e9s Manuel L\u00f3pez Obrador, which began in 2018, when the political party Morena won majorities in various state legislatures and pushed for laws allowing abortion in 12 states.<\/p>\n<p class=\"text-(18px) md:text-(20px) first-of-type:mt-5 mt-(16px) lg:mt-(28px) leading-(28px) md:leading-8 normal \">Subsequently, on October 1, 2024, with the administration of Morena party member Claudia Sheinbaum, and with the support of her party in the state legislatures, new laws were passed allowing abortion in the states of Jalisco, Michoac\u00e1n, San Luis Potos\u00ed, Zacatecas, Mexico, Chiapas, Nayarit, Chihuahua, Campeche, Yucat\u00e1n, and Tabasco.<\/p>\n<p class=\"text-(18px) md:text-(20px) first-of-type:mt-5 mt-(16px) lg:mt-(28px) leading-(28px) md:leading-8 normal \">The march brought together people from different regions of the country. According to organizers, participants came from at least 20 cities.<\/p>\n<div class=\"mt-7 pb-1\"><img loading=\"lazy\" alt=\"cloudy property\" format=\"auto\" loading=\"lazy\" width=\"600\" height=\"375\" decoding=\"async\" data-nimg=\"1\" class=\"max-w-full h-auto rounded-sm\" style=\"color:transparent;width:100%;height:auto\" srcset=\"https:\/\/res.cloudinary.com\/ewtn\/image\/upload\/c_fill,w_640,h_400,g_auto\/f_auto\/q_80\/v1\/ewtn-news\/en\/provida26426-3-1777213159_m3bhwe.webp?_a=BAVMn6E70 1x, https:\/\/res.cloudinary.com\/ewtn\/image\/upload\/c_fill,w_1200,h_750,g_auto\/f_auto\/q_80\/v1\/ewtn-news\/en\/provida26426-3-1777213159_m3bhwe.webp?_a=BAVMn6E70 2x\" src=\"https:\/\/res.cloudinary.com\/ewtn\/image\/upload\/c_fill,w_1200,h_750,g_auto\/f_auto\/q_80\/v1\/ewtn-news\/en\/provida26426-3-1777213159_m3bhwe.webp?_a=BAVMn6E70\"\/><\/p>\n<p class=\"text-(14px) text-gray-400 border-b border-gray-300 py-3\">Participants take part in the March for Life in Mexico on April 25, 2026 Credit: Pasos por la Vida<\/p>\n<\/div>\n<p class=\"text-(18px) md:text-(20px) first-of-type:mt-5 mt-(16px) lg:mt-(28px) leading-(28px) md:leading-8 normal \">One of them was 24-year-old Regina Hinojosa, who traveled from Puebla. Speaking to ACI Prensa, she lamented that while abortion was legalized in Mexico City and other states, &#8220;nothing happened that was positive for women.&#8221;<\/p>\n<p class=\"text-(18px) md:text-(20px) first-of-type:mt-5 mt-(16px) lg:mt-(28px) leading-(28px) md:leading-8 normal \">She said that above any other agenda, Mexican women &#8220;deserve more laws favoring their own well-being and that of their children.&#8221;<\/p>\n<p class=\"text-(18px) md:text-(20px) first-of-type:mt-5 mt-(16px) lg:mt-(28px) leading-(28px) md:leading-8 normal \">Juan Pablo Perea, 21, a native of Michoac\u00e1n, also participated. In an interview with ACI Prensa, he said he had traveled with the intention of reminding others that &#8220;it is up to us young people to fight for this because now we are not only the future of the country but its present; and if we don&#8217;t do something right now, no one else will.&#8221;<\/p>\n<p class=\"text-(18px) md:text-(20px) first-of-type:mt-5 mt-(16px) lg:mt-(28px) leading-(28px) md:leading-8 normal \">Although he acknowledged that it is a &#8220;struggle which, regrettably, seems to be losing ground at present,&#8221; he encouraged other youth to join in, pointing out that &#8220;without life, there is no future.&#8221;<\/p>\n<h2 class=\"text-2xl xl:text-3xl font-semibold mt-4\">Young people don&#8217;t want these deadly laws<\/h2>\n<p class=\"text-(18px) md:text-(20px) first-of-type:mt-5 mt-(16px) lg:mt-(28px) leading-(28px) md:leading-8 normal \">Some pro-life legislators also participated in the march, such as the National Action Party&#8217;s Juliana Rosario Hern\u00e1ndez Quintanar, a Quer\u00e9taro state representative, who has advocated legislative initiatives such as declaring March 25 as &#8220;Day of Life&#8221;.<\/p>\n<p class=\"text-(18px) md:text-(20px) first-of-type:mt-5 mt-(16px) lg:mt-(28px) leading-(28px) md:leading-8 normal \">Hern\u00e1ndez told ACI Prensa that more laws are needed to protect vulnerable persons, including unborn children, and so he called on his colleagues not to give up, because &#8220;there is no better cause than fighting for life, because life is the future, life is hope, and today in Mexico, we have a huge demand to (protect) life.&#8221;<\/p>\n<p class=\"text-(18px) md:text-(20px) first-of-type:mt-5 mt-(16px) lg:mt-(28px) leading-(28px) md:leading-8 normal \">Furthermore, he expressed the view that Mexico bears a &#8220;great debt&#8221; in this regard, assuring that as politicians, &#8220;we are here to defend these causes, the ones that really matter and that will allow us to bring about lasting change.&#8221;<\/p>\n<h2 class=\"text-2xl xl:text-3xl font-semibold mt-4\">youth at the forefront<\/h2>\n<p class=\"text-(18px) md:text-(20px) first-of-type:mt-5 mt-(16px) lg:mt-(28px) leading-(28px) md:leading-8 normal \">Another attendee was 20-year-old Rodrigo Ba\u00f1os, who called on other youth to participate with &#8220;attitude and determination&#8221; in defending human rights, especially the rights of women and unborn children.<\/p>\n<p class=\"text-(18px) md:text-(20px) first-of-type:mt-5 mt-(16px) lg:mt-(28px) leading-(28px) md:leading-8 normal \">The young man also told ACI Prensa that, following the example of previous generations, &#8220;now is our turn, this is our moment to go out and fight for the right to life&#8221;. He encouraged his contemporaries, reminding them: &#8220;We are young; we have nothing to lose. We must give it our all.&#8221;<\/p>\n<div class=\"mt-7 pb-1\"><img loading=\"lazy\" alt=\"cloudy property\" format=\"auto\" loading=\"lazy\" width=\"600\" height=\"375\" decoding=\"async\" data-nimg=\"1\" class=\"max-w-full h-auto rounded-sm\" style=\"color:transparent;width:100%;height:auto\" srcset=\"https:\/\/res.cloudinary.com\/ewtn\/image\/upload\/c_fill,w_640,h_400,g_auto\/f_auto\/q_80\/v1\/ewtn-news\/en\/provida26426-4-1777213059_fgyjfe.webp?_a=BAVMn6E70 1x, https:\/\/res.cloudinary.com\/ewtn\/image\/upload\/c_fill,w_1200,h_750,g_auto\/f_auto\/q_80\/v1\/ewtn-news\/en\/provida26426-4-1777213059_fgyjfe.webp?_a=BAVMn6E70 2x\" src=\"https:\/\/res.cloudinary.com\/ewtn\/image\/upload\/c_fill,w_1200,h_750,g_auto\/f_auto\/q_80\/v1\/ewtn-news\/en\/provida26426-4-1777213059_fgyjfe.webp?_a=BAVMn6E70\"\/><\/p>\n<p class=\"text-(14px) text-gray-400 border-b border-gray-300 py-3\">&#8220;Every life has a purpose, let (its heart) beat!&#8221; Reads a banner at the March for Life in Mexico on April 25, 2026. | Credit: Primate Archdiocese of Mexico<\/p>\n<\/div>\n<p class=\"text-(18px) md:text-(20px) first-of-type:mt-5 mt-(16px) lg:mt-(28px) leading-(28px) md:leading-8 normal \">At the end of the program, a manifesto was read from the stage, ending on the same note, with a message addressed to Mexican youth and &#8220;those who are trying to persuade us to give up.&#8221;<\/p>\n<p class=\"text-(18px) md:text-(20px) first-of-type:mt-5 mt-(16px) lg:mt-(28px) leading-(28px) md:leading-8 normal \">&#8220;We refuse; we are a generation that does not acquiesce, that does not sell out, that does not silence, that does not surrender. We will not give up. We will not tire of defending the truth. We will not stop loving Mexico.&#8221;<\/p>\n<p class=\"text-(18px) md:text-(20px) first-of-type:mt-5 mt-(16px) lg:mt-(28px) leading-(28px) md:leading-8 normal \"><em>this story <a rel=\"noopener noreferrer\" target=\"_blank\" href=\"https:\/\/www.aciprensa.com\/noticias\/124551\/jovenes-alzan-la-voz-en-marcha-por-la-vida-a-19-anos-de-la-despenalizacion-del-aborto-en-ciudad-de-mexico\" class=\"text-red-500 hover-underline-animation-red\">was first published<\/a> By ACI Prensa, the Spanish-language affiliate of EWTN News. It has been translated and adapted by EWTN News English.<\/em><\/p>\n<\/div>\n","protected":false},"excerpt":{"rendered":"<p>&#8220;Yes to life, no to abortion!&#8221;, &#8220;Life is a victory!&#8221;, and &#8220;We are the pro-life generation!&#8221; Young people took to the streets of downtown Mexico City last weekend to March for Life. The incident occurred the day after the anniversary of the law passed on April 24, 2007, when the capital city government legalized abortion<\/p>\n","protected":false},"author":1,"featured_media":102142,"comment_status":"open","ping_status":"open","sticky":false,"template":"","format":"standard","meta":{"footnotes":""},"categories":[56],"tags":[1315,96,3369,665,368,604],"class_list":{"0":"post-102137","1":"post","2":"type-post","3":"status-publish","4":"format-standard","5":"has-post-thumbnail","7":"category-bible-news","8":"tag-city","9":"tag-march","10":"tag-mexico","11":"tag-prolife","12":"tag-turn","13":"tag-youth"},"_links":{"self":[{"href":"https:\/\/christiancorner.us\/index.php\/wp-json\/wp\/v2\/posts\/102137","targetHints":{"allow":["GET"]}}],"collection":[{"href":"https:\/\/christiancorner.us\/index.php\/wp-json\/wp\/v2\/posts"}],"about":[{"href":"https:\/\/christiancorner.us\/index.php\/wp-json\/wp\/v2\/types\/post"}],"author":[{"embeddable":true,"href":"https:\/\/christiancorner.us\/index.php\/wp-json\/wp\/v2\/users\/1"}],"replies":[{"embeddable":true,"href":"https:\/\/christiancorner.us\/index.php\/wp-json\/wp\/v2\/comments?post=102137"}],"version-history":[{"count":1,"href":"https:\/\/christiancorner.us\/index.php\/wp-json\/wp\/v2\/posts\/102137\/revisions"}],"predecessor-version":[{"id":102143,"href":"https:\/\/christiancorner.us\/index.php\/wp-json\/wp\/v2\/posts\/102137\/revisions\/102143"}],"wp:featuredmedia":[{"embeddable":true,"href":"https:\/\/christiancorner.us\/index.php\/wp-json\/wp\/v2\/media\/102142"}],"wp:attachment":[{"href":"https:\/\/christiancorner.us\/index.php\/wp-json\/wp\/v2\/media?parent=102137"}],"wp:term":[{"taxonomy":"category","embeddable":true,"href":"https:\/\/christiancorner.us\/index.php\/wp-json\/wp\/v2\/categories?post=102137"},{"taxonomy":"post_tag","embeddable":true,"href":"https:\/\/christiancorner.us\/index.php\/wp-json\/wp\/v2\/tags?post=102137"}],"curies":[{"name":"wp","href":"https:\/\/api.w.org\/{rel}","templated":true}]}}